{"id":1919,"date":"2026-02-25T17:44:49","date_gmt":"2026-02-25T16:44:49","guid":{"rendered":"http:\/\/ac-feldatal.de\/?p=1919"},"modified":"2026-02-25T17:44:52","modified_gmt":"2026-02-25T16:44:52","slug":"termine-fuer-2026-arbeitsstunden","status":"publish","type":"post","link":"http:\/\/ac-feldatal.de\/?p=1919","title":{"rendered":"Termine f\u00fcr 2026 (Arbeitsstunden!)"},"content":{"rendered":"\n\n\n<p><br \/>Der Vorstand hat auf seiner letzten Sitzung folgende Termine f\u00fcr 2026 festgelegt:<\/p>\n<p><strong>Arbeitseins\u00e4tze und weitere Veranstaltungen<\/strong><br \/>07. Februar 2026 \u2013 9.00 Uhr \u2013 Geh\u00f6lzschnitt am Badeteich <br \/>14. Februar 2026 \u2013 9.00 Uhr \u2013 Geh\u00f6lzschnitt Dautzenr\u00f6der Teich<br \/>13. M\u00e4rz 2026 \u2013 20.00 Uhr \u2013 Jahreshauptversammlung AC Feldatal \u201eGastst\u00e4tte zur Felda\u201c Kestrich<br \/>13. Juni 2026 \u2013 Bach und Gew\u00e4sserreinigung Jugendliche <br \/>19. April 2026 \u2013 9.00 Uhr \u2013 Anangeln am Badeteich <br \/>15. August 2026 \u2013 Gemeinschaftsfischen \u2013 genaueres dazu sp\u00e4ter!<br \/>27. September 2026 \u2013 9.00 Uhr \u2013 Abangeln am Badeteich <\/p>\n<p>Die M\u00e4hwochen in 2026 f\u00fcr alle Teichanlagen finden wieder wie gewohnt statt. Die genauen Termine dazu werden rechtzeitig bekanntgegeben. Zus\u00e4tzliche gibt es zwei feste Samstagstermine, zu denen ebenfalls extra eingeladen wird.<\/p>\n<p>Bitte die o.g. Termine vormerken und eintragen. Es wird an dieser Stelle nochmals darauf hingewiesen, dass jedes Mitglied, ob Erwachsener oder Jugendlicher, im Jahr Pflichtstunden zu erledigen hat (aktuell 10 Stunden). Bei Nichterf\u00fcllung dieser Vorgabe werden die Fehlstunden in Rechnung gestellt. <\/p>\n<p>Der Vorstand w\u00fcnscht allen Petrij\u00fcngern einen guten Start ins \u201eNeue Jahr\u201c und viel \u201ePetri Heil\u201c<\/p>\n","protected":false},"excerpt":{"rendered":"<p>Der Vorstand hat auf seiner letzten Sitzung folgende Termine f\u00fcr 2026 festgelegt: Arbeitseins\u00e4tze und weitere Veranstaltungen07. Februar 2026 \u2013 9.00 Uhr \u2013 Geh\u00f6lzschnitt am Badeteich 14. Februar 2026 \u2013 9.00 Uhr \u2013 Geh\u00f6lzschnitt Dautzenr\u00f6der Teich13. M\u00e4rz 2026 \u2013 20.00 Uhr \u2013 Jahreshauptversammlung AC Feldatal \u201eGastst\u00e4tte zur Felda\u201c Kestrich13. Juni 2026 \u2013 Bach und Gew\u00e4sserreinigung Jugendliche &hellip; <a href=\"http:\/\/ac-feldatal.de\/?p=1919\" class=\"more-link\"><span class=\"screen-reader-text\">Termine f\u00fcr 2026 (Arbeitsstunden!)<\/span> weiterlesen <span class=\"meta-nav\">&rarr;<\/span><\/a><\/p>\n","protected":false},"author":1,"featured_media":0,"comment_status":"closed","ping_status":"closed","sticky":false,"template":"","format":"standard","meta":{"_monsterinsights_skip_tracking":false,"_monsterinsights_sitenote_active":false,"_monsterinsights_sitenote_note":"","_monsterinsights_sitenote_category":0,"ngg_post_thumbnail":0,"footnotes":""},"categories":[12,3],"tags":[13],"aioseo_notices":[],"_links":{"self":[{"href":"http:\/\/ac-feldatal.de\/index.php?rest_route=\/wp\/v2\/posts\/1919"}],"collection":[{"href":"http:\/\/ac-feldatal.de\/index.php?rest_route=\/wp\/v2\/posts"}],"about":[{"href":"http:\/\/ac-feldatal.de\/index.php?rest_route=\/wp\/v2\/types\/post"}],"author":[{"embeddable":true,"href":"http:\/\/ac-feldatal.de\/index.php?rest_route=\/wp\/v2\/users\/1"}],"replies":[{"embeddable":true,"href":"http:\/\/ac-feldatal.de\/index.php?rest_route=%2Fwp%2Fv2%2Fcomments&post=1919"}],"version-history":[{"count":1,"href":"http:\/\/ac-feldatal.de\/index.php?rest_route=\/wp\/v2\/posts\/1919\/revisions"}],"predecessor-version":[{"id":1920,"href":"http:\/\/ac-feldatal.de\/index.php?rest_route=\/wp\/v2\/posts\/1919\/revisions\/1920"}],"wp:attachment":[{"href":"http:\/\/ac-feldatal.de\/index.php?rest_route=%2Fwp%2Fv2%2Fmedia&parent=1919"}],"wp:term":[{"taxonomy":"category","embeddable":true,"href":"http:\/\/ac-feldatal.de\/index.php?rest_route=%2Fwp%2Fv2%2Fcategories&post=1919"},{"taxonomy":"post_tag","embeddable":true,"href":"http:\/\/ac-feldatal.de\/index.php?rest_route=%2Fwp%2Fv2%2Ftags&post=1919"}],"curies":[{"name":"wp","href":"https:\/\/api.w.org\/{rel}","templated":true}]}}