{"id":1916,"date":"2026-02-25T17:54:50","date_gmt":"2026-02-25T16:54:50","guid":{"rendered":"http:\/\/ac-feldatal.de\/?p=1916"},"modified":"2026-02-25T17:54:52","modified_gmt":"2026-02-25T16:54:52","slug":"einladung-jahreshauptversammlung-2026","status":"publish","type":"post","link":"http:\/\/ac-feldatal.de\/?p=1916","title":{"rendered":"Einladung Jahreshauptversammlung 2026"},"content":{"rendered":"\n<p>Am Freitag, 13. M\u00e4rz 2026 findet die Jahreshauptversammlung f\u00fcr das Gesch\u00e4ftsjahr 2025 um 20.00 Uhr in der \u201eGastst\u00e4tte zur Felda\u201c in Kestrich statt.<\/p>\n<p><br \/>Folgende Tagesordnung liegt der Versammlung zu Grunde:<\/p>\n<p>1. Er\u00f6ffnung, Begr\u00fc\u00dfung, Feststellung der Beschlussf\u00e4higkeit<br \/>2. Totenehrung<br \/>3. Jahresbericht 2025<br \/>4. Kassenbericht 2025<br \/>5. Bericht der Kassenpr\u00fcfer, Entlastung, Neuwahl der Kassenpr\u00fcfer<br \/>6. Bericht des Gew\u00e4sserwartes 2025<br \/>7. Bericht des Jugendwartes 2025<br \/>8. Ehrungen<br \/>9. G\u00e4ste haben das Wort<br \/>10. Verschiedenes<\/p>\n<p>Antr\u00e4ge zur Versammlung sind bis sp\u00e4testens 28. Februar 2026 schriftlich beim 1. Vorsitzenden Timo Schott einzureichen.<\/p>\n<p>Um zahlreiches Erscheinen wird gebeten!<\/p>\n","protected":false},"excerpt":{"rendered":"<p>Am Freitag, 13. M\u00e4rz 2026 findet die Jahreshauptversammlung f\u00fcr das Gesch\u00e4ftsjahr 2025 um 20.00 Uhr in der \u201eGastst\u00e4tte zur Felda\u201c in Kestrich statt. Folgende Tagesordnung liegt der Versammlung zu Grunde: 1. Er\u00f6ffnung, Begr\u00fc\u00dfung, Feststellung der Beschlussf\u00e4higkeit2. Totenehrung3. Jahresbericht 20254. Kassenbericht 20255. Bericht der Kassenpr\u00fcfer, Entlastung, Neuwahl der Kassenpr\u00fcfer6. Bericht des Gew\u00e4sserwartes 20257. Bericht des Jugendwartes &hellip; <a href=\"http:\/\/ac-feldatal.de\/?p=1916\" class=\"more-link\"><span class=\"screen-reader-text\">Einladung Jahreshauptversammlung 2026<\/span> weiterlesen <span class=\"meta-nav\">&rarr;<\/span><\/a><\/p>\n","protected":false},"author":1,"featured_media":0,"comment_status":"closed","ping_status":"closed","sticky":false,"template":"","format":"standard","meta":{"_monsterinsights_skip_tracking":false,"_monsterinsights_sitenote_active":false,"_monsterinsights_sitenote_note":"","_monsterinsights_sitenote_category":0,"ngg_post_thumbnail":0,"footnotes":""},"categories":[12,3],"tags":[57],"aioseo_notices":[],"_links":{"self":[{"href":"http:\/\/ac-feldatal.de\/index.php?rest_route=\/wp\/v2\/posts\/1916"}],"collection":[{"href":"http:\/\/ac-feldatal.de\/index.php?rest_route=\/wp\/v2\/posts"}],"about":[{"href":"http:\/\/ac-feldatal.de\/index.php?rest_route=\/wp\/v2\/types\/post"}],"author":[{"embeddable":true,"href":"http:\/\/ac-feldatal.de\/index.php?rest_route=\/wp\/v2\/users\/1"}],"replies":[{"embeddable":true,"href":"http:\/\/ac-feldatal.de\/index.php?rest_route=%2Fwp%2Fv2%2Fcomments&post=1916"}],"version-history":[{"count":2,"href":"http:\/\/ac-feldatal.de\/index.php?rest_route=\/wp\/v2\/posts\/1916\/revisions"}],"predecessor-version":[{"id":1928,"href":"http:\/\/ac-feldatal.de\/index.php?rest_route=\/wp\/v2\/posts\/1916\/revisions\/1928"}],"wp:attachment":[{"href":"http:\/\/ac-feldatal.de\/index.php?rest_route=%2Fwp%2Fv2%2Fmedia&parent=1916"}],"wp:term":[{"taxonomy":"category","embeddable":true,"href":"http:\/\/ac-feldatal.de\/index.php?rest_route=%2Fwp%2Fv2%2Fcategories&post=1916"},{"taxonomy":"post_tag","embeddable":true,"href":"http:\/\/ac-feldatal.de\/index.php?rest_route=%2Fwp%2Fv2%2Ftags&post=1916"}],"curies":[{"name":"wp","href":"https:\/\/api.w.org\/{rel}","templated":true}]}}